{"id":859,"date":"2011-09-08T08:14:03","date_gmt":"2011-09-08T06:14:03","guid":{"rendered":"http:\/\/orchesterfreunde-gera.de\/content\/?p=859"},"modified":"2011-09-08T08:14:03","modified_gmt":"2011-09-08T06:14:03","slug":"kreistag-stoppt-theatervereinbarung","status":"publish","type":"post","link":"https:\/\/orchesterfreunde-gera.de\/content\/2011\/09\/kreistag-stoppt-theatervereinbarung\/","title":{"rendered":"Kreistag stoppt Theatervereinbarung"},"content":{"rendered":"<p><a href=\"http:\/\/www.otz.de\/startseite\/detail\/-\/specific\/Kreistag-stoppt-Theatervereinbarung-wegen-Finanzierungsrisiken-776908104\" target=\"_blank\">Beschluss \u00fcber die Finanzierungsvereinbarung f\u00fcr Theater &amp; Philharmonie Th\u00fcringen (TPT) von der Tagesordnung der Kreistagssitzung in Altenburg genommen<\/a><\/p>\n","protected":false},"excerpt":{"rendered":"<p>Beschluss \u00fcber die Finanzierungsvereinbarung f\u00fcr Theater &amp; Philharmonie Th\u00fcringen (TPT) von der Tagesordnung der Kreistagssitzung in Altenburg genommen<\/p>\n","protected":false},"author":2,"featured_media":0,"comment_status":"open","ping_status":"open","sticky":false,"template":"","format":"standard","meta":{"footnotes":""},"categories":[1],"tags":[],"class_list":["post-859","post","type-post","status-publish","format-standard","hentry","category-allgemein"],"_links":{"self":[{"href":"https:\/\/orchesterfreunde-gera.de\/content\/wp-json\/wp\/v2\/posts\/859","targetHints":{"allow":["GET"]}}],"collection":[{"href":"https:\/\/orchesterfreunde-gera.de\/content\/wp-json\/wp\/v2\/posts"}],"about":[{"href":"https:\/\/orchesterfreunde-gera.de\/content\/wp-json\/wp\/v2\/types\/post"}],"author":[{"embeddable":true,"href":"https:\/\/orchesterfreunde-gera.de\/content\/wp-json\/wp\/v2\/users\/2"}],"replies":[{"embeddable":true,"href":"https:\/\/orchesterfreunde-gera.de\/content\/wp-json\/wp\/v2\/comments?post=859"}],"version-history":[{"count":1,"href":"https:\/\/orchesterfreunde-gera.de\/content\/wp-json\/wp\/v2\/posts\/859\/revisions"}],"predecessor-version":[{"id":860,"href":"https:\/\/orchesterfreunde-gera.de\/content\/wp-json\/wp\/v2\/posts\/859\/revisions\/860"}],"wp:attachment":[{"href":"https:\/\/orchesterfreunde-gera.de\/content\/wp-json\/wp\/v2\/media?parent=859"}],"wp:term":[{"taxonomy":"category","embeddable":true,"href":"https:\/\/orchesterfreunde-gera.de\/content\/wp-json\/wp\/v2\/categories?post=859"},{"taxonomy":"post_tag","embeddable":true,"href":"https:\/\/orchesterfreunde-gera.de\/content\/wp-json\/wp\/v2\/tags?post=859"}],"curies":[{"name":"wp","href":"https:\/\/api.w.org\/{rel}","templated":true}]}}